{"id":724,"date":"2024-11-22T14:47:18","date_gmt":"2024-11-22T14:47:18","guid":{"rendered":"https:\/\/krusco.com.ve\/?p=724"},"modified":"2024-12-02T17:31:33","modified_gmt":"2024-12-02T17:31:33","slug":"canatame-y-favenpa-alertan-que-llegada-de-nuevos-vehiculos-al-pais-puede-traer-problemas-por-falta-de-repuestos","status":"publish","type":"post","link":"https:\/\/krusco.com.ve\/index.php\/2024\/11\/22\/canatame-y-favenpa-alertan-que-llegada-de-nuevos-vehiculos-al-pais-puede-traer-problemas-por-falta-de-repuestos\/noticias\/","title":{"rendered":"Canatame y Favenpa alertan que llegada de nuevos veh\u00edculos al pa\u00eds puede traer problemas por falta de repuestos"},"content":{"rendered":"\t\t<div data-elementor-type=\"wp-post\" data-elementor-id=\"724\" class=\"elementor elementor-724\">\n\t\t\t\t\t\t<section class=\"elementor-section elementor-top-section elementor-element elementor-element-2b260796 elementor-section-boxed elementor-section-height-default elementor-section-height-default\" data-id=\"2b260796\" data-element_type=\"section\" data-e-type=\"section\">\n\t\t\t\t\t\t<div class=\"elementor-container elementor-column-gap-default\">\n\t\t\t\t\t<div class=\"elementor-column elementor-col-100 elementor-top-column elementor-element elementor-element-3eaa42b3\" data-id=\"3eaa42b3\" data-element_type=\"column\" data-e-type=\"column\">\n\t\t\t<div class=\"elementor-widget-wrap elementor-element-populated\">\n\t\t\t\t\t\t<div class=\"elementor-element elementor-element-9469ec elementor-widget elementor-widget-text-editor\" data-id=\"9469ec\" data-element_type=\"widget\" data-e-type=\"widget\" data-widget_type=\"text-editor.default\">\n\t\t\t\t<div class=\"elementor-widget-container\">\n\t\t\t\t\t\t\t\t\t\n<p>(Caracas, 11 de noviembre de 2024).- Omar Bautista,&nbsp;presidente de la C\u00e1mara de Fabricantes Venezolanos de Productos Automotores (Favenpa) y Gino Fileri, presidente de la C\u00e1mara Nacional de Talleres Mec\u00e1nicos (Canatame), alertan sobre los problemas a corto y mediano plazo que generara la entrada de nuevos veh\u00edculos al pa\u00eds por la falta de repuestos para estos.<\/p>\n\n\n\n<p>Bautista explic\u00f3 que hay una iniciativa importante de generaci\u00f3n de ventas de veh\u00edculos que se estima podr\u00edan ser entre 16 y 18 mil veh\u00edculos.<\/p>\n\n\n\n<h3 class=\"wp-block-heading\"><strong>\u00abEste es un promedio todav\u00eda bajo, dado que sol\u00edan ingresar 100 mil veh\u00edculos nuevos al pa\u00eds al a\u00f1o. Hemos contabilizado m\u00e1s de 20 marcas de veh\u00edculos y m\u00e1s de 150 versiones, pero esto generar\u00e1 problemas a corto y mediano plazo al no existir la cantidad de repuestos que se requiera de manera r\u00e1pida\u00bb a\u00f1adi\u00f3.<\/strong><\/h3>\n\n\n\n<p>Fileri insisti\u00f3 en que es necesario que las marcas que est\u00e1n entrando al pa\u00eds se preocupen por la postventa, asegurando que eso est\u00e1 en manos del estado.<\/p>\n\n\n\n<p><\/p>\n\n\n\n<div class=\"wp-block-ultimate-post-row ultp-block-43541d\"><div class=\"ultp-row-wrapper\"><div class=\"ultp-row-content\">\n<div class=\"wp-block-ultimate-post-column ultp-block-a09f0a\"><div class=\"ultp-column-wrapper\"><div  class=\"ultp-post-grid-block wp-block-ultimate-post-post-grid-1 ultp-block-f683a7\"><div class=\"ultp-block-wrapper\"><div class=\"ultp-loading\"><div class=\"ultp-loading-blocks\" style=\"width:100%;height:100%;\"><div style=\"left: 0;top: 0;animation-delay:0s;\"><\/div><div style=\"left: 21px;top: 0;animation-delay:0.125s;\"><\/div><div style=\"left: 42px;top: 0;animation-delay:0.25s;\"><\/div><div style=\"left: 0;top: 21px;animation-delay:0.875s;\"><\/div><div style=\"left: 42px;top: 21px;animation-delay:0.375s;\"><\/div><div style=\"left: 0;top: 42px;animation-delay:0.75s;\"><\/div><div style=\"left: 42px;top: 42px;animation-delay:0.625s;\"><\/div><div style=\"left: 21px;top: 42px;animation-delay:0.5s;\"><\/div><\/div><\/div><div class=\"ultp-heading-filter\"><div class=\"ultp-heading-filter-in\"><div class=\"ultp-heading-wrap ultp-heading-style1 ultp-heading-left\"><h2 class=\"ultp-heading-inner\"><span>Latest Stories<\/span><\/h2><div class=\"ultp-sub-heading\"><div class=\"ultp-sub-heading-inner\">Don\u2019t miss our hot and upcoming stories<\/div><\/div><\/div><div class=\"ultp-filter-navigation\"><\/div><\/div><\/div><div class=\"ultp-block-items-wrap ultp-block-row ultp-pg1a-style1 ultp-grid1-responsive ultp-block-column-2 ultp-sm-column-1 1 ultp-layout1\"><div class=\"ultp-block-item post-id-724\"><div class=\"ultp-block-content-wrap\"><div class=\"ultp-block-image ultp-block-image-zoomOut\"><a href=\"https:\/\/krusco.com.ve\/index.php\/2024\/11\/22\/canatame-y-favenpa-alertan-que-llegada-de-nuevos-vehiculos-al-pais-puede-traer-problemas-por-falta-de-repuestos\/noticias\/\" ><img decoding=\"async\" class=\"ultp-block-image-content\" src=\"https:\/\/krusco.com.ve\/wp-content\/plugins\/ultimate-post\/assets\/img\/ultp-fallback-img.png\" alt=\"dummy-img\" \/><\/a><div class=\"ultp-category-img-grid\"><div class=\"ultp-category-grid ultp-category-classic ultp-category-topLeft\"><div class=\"ultp-category-in\"><a class=\"ultp-cat-noticias\" href=\"https:\/\/krusco.com.ve\/index.php\/category\/noticias\/\"  >Noticias<\/a><\/div><\/div><\/div><\/div><div class=\"ultp-block-content\"><h5 class=\"ultp-block-title \"><a href=\"https:\/\/krusco.com.ve\/index.php\/2024\/11\/22\/canatame-y-favenpa-alertan-que-llegada-de-nuevos-vehiculos-al-pais-puede-traer-problemas-por-falta-de-repuestos\/noticias\/\" >Canatame y Favenpa alertan que llegada de nuevos veh\u00edculos al pa\u00eds puede traer problemas por falta de repuestos<\/a><\/h5><div class=\"ultp-block-excerpt\"><p>(Caracas, 11 de noviembre de 2024).- Omar Bautista,&nbsp;presidente de la C\u00e1mara de Fabricantes Venezolanos de&hellip;<\/p>\n<\/div><div class=\"ultp-block-meta ultp-block-meta-dash ultp-block-meta-style3\"><span class=\"ultp-block-author ultp-block-meta-element\"><img decoding=\"async\" loading=\"lazy\" class=\"ultp-meta-author-img\" src=\"https:\/\/secure.gravatar.com\/avatar\/65144c48ec6e68a36da46d2814c496e9a99491c0f94254b6219087b327d1591b?s=96&d=mm&r=g\" alt=\"Por\" \/>By<a class=\"\" href=\"https:\/\/krusco.com.ve\/index.php\/author\/enid2020_epsi8nf6\/\">admin<\/a><\/span><span class=\"ultp-block-date ultp-block-meta-element\"><svg xmlns=\"http:\/\/www.w3.org\/2000\/svg\" fill=\"none\" viewBox=\"0 0 24 24\">\n  <path stroke=\"currentColor\" stroke-linecap=\"round\" stroke-linejoin=\"round\" stroke-width=\"1.5\" d=\"M3 5.5a2 2 0 0 1 2-2h14a2 2 0 0 1 2 2v14a2 2 0 0 1-2 2H5a2 2 0 0 1-2-2v-14ZM8 2v3m8-3v3M3 9h18\"\/>\n<\/svg>\nNov 22, 2024<\/span><\/div><\/div><\/div><\/div><div class=\"ultp-block-item post-id-713\"><div class=\"ultp-block-content-wrap\"><div class=\"ultp-block-image ultp-block-image-zoomOut\"><a href=\"https:\/\/krusco.com.ve\/index.php\/2024\/11\/22\/favenpa-en-2024-se-han-ensamblado-1-245-carros-en-venezuela\/noticias\/\" ><img decoding=\"async\" class=\"ultp-block-image-content\" src=\"https:\/\/krusco.com.ve\/wp-content\/plugins\/ultimate-post\/assets\/img\/ultp-fallback-img.png\" alt=\"dummy-img\" \/><\/a><div class=\"ultp-category-img-grid\"><div class=\"ultp-category-grid ultp-category-classic ultp-category-topLeft\"><div class=\"ultp-category-in\"><a class=\"ultp-cat-noticias\" href=\"https:\/\/krusco.com.ve\/index.php\/category\/noticias\/\"  >Noticias<\/a><\/div><\/div><\/div><\/div><div class=\"ultp-block-content\"><h5 class=\"ultp-block-title \"><a href=\"https:\/\/krusco.com.ve\/index.php\/2024\/11\/22\/favenpa-en-2024-se-han-ensamblado-1-245-carros-en-venezuela\/noticias\/\" >Favenpa: En 2024 se han ensamblado 1.245 carros en Venezuela<\/a><\/h5><div class=\"ultp-block-excerpt\"><p>El ensamblaje de veh\u00edculos en Venezuela se increment\u00f3 en 2024, al ubicarse en 1.245 carros&hellip;<\/p>\n<\/div><div class=\"ultp-block-meta ultp-block-meta-dash ultp-block-meta-style3\"><span class=\"ultp-block-author ultp-block-meta-element\"><img decoding=\"async\" loading=\"lazy\" class=\"ultp-meta-author-img\" src=\"https:\/\/secure.gravatar.com\/avatar\/65144c48ec6e68a36da46d2814c496e9a99491c0f94254b6219087b327d1591b?s=96&d=mm&r=g\" alt=\"Por\" \/>By<a class=\"\" href=\"https:\/\/krusco.com.ve\/index.php\/author\/enid2020_epsi8nf6\/\">admin<\/a><\/span><span class=\"ultp-block-date ultp-block-meta-element\"><svg xmlns=\"http:\/\/www.w3.org\/2000\/svg\" fill=\"none\" viewBox=\"0 0 24 24\">\n  <path stroke=\"currentColor\" stroke-linecap=\"round\" stroke-linejoin=\"round\" stroke-width=\"1.5\" d=\"M3 5.5a2 2 0 0 1 2-2h14a2 2 0 0 1 2 2v14a2 2 0 0 1-2 2H5a2 2 0 0 1-2-2v-14ZM8 2v3m8-3v3M3 9h18\"\/>\n<\/svg>\nNov 22, 2024<\/span><\/div><\/div><\/div><\/div><\/div><div class=\"ultp-pagination-wrap ultp-pagination-ajax-action\" data-paged=\"1\" data-expost=\"\"  data-blockid=\"f683a7\" data-postid=\"724\" data-pages=\"1\" data-blockname=\"ultimate-post_post-grid-1\" data-selfpostid=\"yes\"><\/div><\/div><div class=\"pagination-block-html\" aria-hidden=\"true\" style=\"display: none;\"><\/div><\/div><\/div><\/div>\n<\/div><\/div><\/div>\n\n\n\n<div style=\"height:70px\" aria-hidden=\"true\" class=\"wp-block-spacer\"><\/div>\n\t\t\t\t\t\t\t\t<\/div>\n\t\t\t\t<\/div>\n\t\t\t\t\t<\/div>\n\t\t<\/div>\n\t\t\t\t\t<\/div>\n\t\t<\/section>\n\t\t\t\t<\/div>\n\t\t","protected":false},"excerpt":{"rendered":"<p>(Caracas, 11 de noviembre de 2024).- Omar Bautista,&nbsp;presidente de la C\u00e1mara de Fabricantes Venezolanos de Productos Automotores (Favenpa) y Gino Fileri, presidente de la C\u00e1mara Nacional de Talleres Mec\u00e1nicos (Canatame), alertan sobre los problemas a corto y mediano plazo que generara la entrada de nuevos veh\u00edculos al pa\u00eds por la&hellip;<\/p>\n","protected":false},"author":1,"featured_media":0,"comment_status":"closed","ping_status":"","sticky":false,"template":"","format":"standard","meta":{"_eb_attr":"","footnotes":""},"categories":[7],"tags":[],"class_list":["post-724","post","type-post","status-publish","format-standard","hentry","category-noticias"],"_links":{"self":[{"href":"https:\/\/krusco.com.ve\/index.php\/wp-json\/wp\/v2\/posts\/724","targetHints":{"allow":["GET"]}}],"collection":[{"href":"https:\/\/krusco.com.ve\/index.php\/wp-json\/wp\/v2\/posts"}],"about":[{"href":"https:\/\/krusco.com.ve\/index.php\/wp-json\/wp\/v2\/types\/post"}],"author":[{"embeddable":true,"href":"https:\/\/krusco.com.ve\/index.php\/wp-json\/wp\/v2\/users\/1"}],"replies":[{"embeddable":true,"href":"https:\/\/krusco.com.ve\/index.php\/wp-json\/wp\/v2\/comments?post=724"}],"version-history":[{"count":10,"href":"https:\/\/krusco.com.ve\/index.php\/wp-json\/wp\/v2\/posts\/724\/revisions"}],"predecessor-version":[{"id":766,"href":"https:\/\/krusco.com.ve\/index.php\/wp-json\/wp\/v2\/posts\/724\/revisions\/766"}],"wp:attachment":[{"href":"https:\/\/krusco.com.ve\/index.php\/wp-json\/wp\/v2\/media?parent=724"}],"wp:term":[{"taxonomy":"category","embeddable":true,"href":"https:\/\/krusco.com.ve\/index.php\/wp-json\/wp\/v2\/categories?post=724"},{"taxonomy":"post_tag","embeddable":true,"href":"https:\/\/krusco.com.ve\/index.php\/wp-json\/wp\/v2\/tags?post=724"}],"curies":[{"name":"wp","href":"https:\/\/api.w.org\/{rel}","templated":true}]}}